{"id":679,"date":"2020-09-11T15:18:10","date_gmt":"2020-09-11T15:18:10","guid":{"rendered":"http:\/\/upn141.edu.mx\/?p=679"},"modified":"2020-10-12T05:31:16","modified_gmt":"2020-10-12T05:31:16","slug":"videoconferencia-sabado-12-de-septiembre-1300-hrs","status":"publish","type":"post","link":"https:\/\/upn141.edu.mx\/index.php\/2020\/09\/11\/videoconferencia-sabado-12-de-septiembre-1300-hrs\/","title":{"rendered":"Videoconferencia s\u00e1bado 12 de septiembre 13:00 hrs."},"content":{"rendered":"\t\t<div data-elementor-type=\"wp-post\" data-elementor-id=\"679\" class=\"elementor elementor-679\" data-elementor-post-type=\"post\">\n\t\t\t\t\t\t<section class=\"elementor-section elementor-top-section elementor-element elementor-element-39cfeccd elementor-section-boxed elementor-section-height-default elementor-section-height-default\" data-id=\"39cfeccd\" data-element_type=\"section\">\n\t\t\t\t\t\t<div class=\"elementor-container elementor-column-gap-default\">\n\t\t\t\t\t<div class=\"elementor-column elementor-col-100 elementor-top-column elementor-element elementor-element-1bcddaee\" data-id=\"1bcddaee\" data-element_type=\"column\">\n\t\t\t<div class=\"elementor-widget-wrap elementor-element-populated\">\n\t\t\t\t\t\t<div class=\"elementor-element elementor-element-76fac009 elementor-widget elementor-widget-text-editor\" data-id=\"76fac009\" data-element_type=\"widget\" data-widget_type=\"text-editor.default\">\n\t\t\t\t<div class=\"elementor-widget-container\">\n\t\t\t\t\t\t\t<p><!-- wp:paragraph --><\/p>\n<p>Conferencia Inaugural del Laboratorio de formaci\u00f3n de activistas LGBT+.<\/p>\n<p><!-- \/wp:paragraph --><!-- wp:paragraph --><\/p>\n<p>Para m\u00e1s informaci\u00f3n, visita: https:\/\/m.facebook.com\/story.php?story_fbid=118858609942460&amp;id=105758514585803&amp;sfnsn=scwshmo&amp;extid=86822KQYhR30FbMt<\/p>\n<p><!-- \/wp:paragraph --><!-- wp:paragraph --><\/p>\n<p><a href=\"http:\/\/upn141.edu.mx\/wp-content\/uploads\/2020\/09\/WhatsApp-Image-2020-09-11-at-8.43.40-AM.jpeg\">Descarga cartel aqu\u00ed<\/a><\/p>\n<p><!-- \/wp:paragraph --><\/p>\t\t\t\t\t\t<\/div>\n\t\t\t\t<\/div>\n\t\t\t\t\t<\/div>\n\t\t<\/div>\n\t\t\t\t\t<\/div>\n\t\t<\/section>\n\t\t\t\t<\/div>\n\t\t","protected":false},"excerpt":{"rendered":"<p>Conferencia Inaugural del Laboratorio de formaci\u00f3n de activistas LGBT+. Para m\u00e1s informaci\u00f3n, visita: https:\/\/m.facebook.com\/story.php?story_fbid=118858609942460&amp;id=105758514585803&amp;sfnsn=scwshmo&amp;extid=86822KQYhR30FbMt Descarga cartel aqu\u00ed<\/p>\n","protected":false},"author":2,"featured_media":678,"comment_status":"closed","ping_status":"closed","sticky":false,"template":"","format":"standard","meta":{"footnotes":""},"categories":[1],"tags":[],"_links":{"self":[{"href":"https:\/\/upn141.edu.mx\/index.php\/wp-json\/wp\/v2\/posts\/679"}],"collection":[{"href":"https:\/\/upn141.edu.mx\/index.php\/wp-json\/wp\/v2\/posts"}],"about":[{"href":"https:\/\/upn141.edu.mx\/index.php\/wp-json\/wp\/v2\/types\/post"}],"author":[{"embeddable":true,"href":"https:\/\/upn141.edu.mx\/index.php\/wp-json\/wp\/v2\/users\/2"}],"replies":[{"embeddable":true,"href":"https:\/\/upn141.edu.mx\/index.php\/wp-json\/wp\/v2\/comments?post=679"}],"version-history":[{"count":5,"href":"https:\/\/upn141.edu.mx\/index.php\/wp-json\/wp\/v2\/posts\/679\/revisions"}],"predecessor-version":[{"id":699,"href":"https:\/\/upn141.edu.mx\/index.php\/wp-json\/wp\/v2\/posts\/679\/revisions\/699"}],"wp:featuredmedia":[{"embeddable":true,"href":"https:\/\/upn141.edu.mx\/index.php\/wp-json\/wp\/v2\/media\/678"}],"wp:attachment":[{"href":"https:\/\/upn141.edu.mx\/index.php\/wp-json\/wp\/v2\/media?parent=679"}],"wp:term":[{"taxonomy":"category","embeddable":true,"href":"https:\/\/upn141.edu.mx\/index.php\/wp-json\/wp\/v2\/categories?post=679"},{"taxonomy":"post_tag","embeddable":true,"href":"https:\/\/upn141.edu.mx\/index.php\/wp-json\/wp\/v2\/tags?post=679"}],"curies":[{"name":"wp","href":"https:\/\/api.w.org\/{rel}","templated":true}]}}